{"id":3205,"date":"2025-06-12T18:39:17","date_gmt":"2025-06-12T16:39:17","guid":{"rendered":"https:\/\/mkratten.se\/wordpress\/?p=3205"},"modified":"2025-06-12T18:39:17","modified_gmt":"2025-06-12T16:39:17","slug":"trampbilsrally-%f0%9f%9a%97%f0%9f%92%a8","status":"publish","type":"post","link":"https:\/\/mkratten.se\/wordpress\/?p=3205","title":{"rendered":"Trampbilsrally! \ud83d\ude97\ud83d\udca8"},"content":{"rendered":"\n<p>Enligt tradition h\u00e5lls trampbilsrallyt p\u00e5 gamla torget i Torsby p\u00e5 Midsommarafton kl 14:00!<br>Alla barn f\u00f6dda 2019 kan anm\u00e4la sig from 17 juni kl 09:00 p\u00e5 mkratten.se!<br>OBS! Begr\u00e4nsat antal platser!<\/p>\n\n\n\n<figure class=\"wp-block-gallery has-nested-images columns-default is-cropped wp-block-gallery-1 is-layout-flex\">\n<figure class=\"wp-block-image size-large\"><a href=\"https:\/\/mkratten.se\/wordpress\/wp-content\/uploads\/2025\/06\/Screenshot_20250612_181237_Samsung-Internet.jpg\"><img decoding=\"async\" loading=\"lazy\" width=\"1024\" height=\"710\" data-id=\"3206\"  src=\"https:\/\/mkratten.se\/wordpress\/wp-content\/uploads\/2025\/06\/Screenshot_20250612_181237_Samsung-Internet-1024x710.jpg\" alt=\"\" class=\"wp-image-3206\" srcset=\"https:\/\/mkratten.se\/wordpress\/wp-content\/uploads\/2025\/06\/Screenshot_20250612_181237_Samsung-Internet-1024x710.jpg 1024w, https:\/\/mkratten.se\/wordpress\/wp-content\/uploads\/2025\/06\/Screenshot_20250612_181237_Samsung-Internet-300x208.jpg 300w, https:\/\/mkratten.se\/wordpress\/wp-content\/uploads\/2025\/06\/Screenshot_20250612_181237_Samsung-Internet-768x533.jpg 768w, https:\/\/mkratten.se\/wordpress\/wp-content\/uploads\/2025\/06\/Screenshot_20250612_181237_Samsung-Internet-432x300.jpg 432w, https:\/\/mkratten.se\/wordpress\/wp-content\/uploads\/2025\/06\/Screenshot_20250612_181237_Samsung-Internet.jpg 1283w\" sizes=\"(max-width: 1024px) 100vw, 1024px\" \/><\/a><\/figure>\n<\/figure>\n","protected":false},"excerpt":{"rendered":"<p>Enligt tradition h\u00e5lls trampbilsrallyt p\u00e5 gamla torget i Torsby p\u00e5 Midsommarafton kl 14:00!Alla barn f\u00f6dda 2019 kan anm\u00e4la sig from 17 juni kl 09:00 p\u00e5 mkratten.se!OBS! Begr\u00e4nsat antal platser!<\/p>\n","protected":false},"author":3,"featured_media":0,"comment_status":"closed","ping_status":"closed","sticky":false,"template":"","format":"standard","meta":{"_expiration-date-status":"","_expiration-date":1750351103,"_expiration-date-type":"draft","_expiration-date-categories":[],"_expiration-date-options":[]},"categories":[1],"tags":[],"_links":{"self":[{"href":"https:\/\/mkratten.se\/wordpress\/index.php?rest_route=\/wp\/v2\/posts\/3205"}],"collection":[{"href":"https:\/\/mkratten.se\/wordpress\/index.php?rest_route=\/wp\/v2\/posts"}],"about":[{"href":"https:\/\/mkratten.se\/wordpress\/index.php?rest_route=\/wp\/v2\/types\/post"}],"author":[{"embeddable":true,"href":"https:\/\/mkratten.se\/wordpress\/index.php?rest_route=\/wp\/v2\/users\/3"}],"replies":[{"embeddable":true,"href":"https:\/\/mkratten.se\/wordpress\/index.php?rest_route=%2Fwp%2Fv2%2Fcomments&post=3205"}],"version-history":[{"count":1,"href":"https:\/\/mkratten.se\/wordpress\/index.php?rest_route=\/wp\/v2\/posts\/3205\/revisions"}],"predecessor-version":[{"id":3207,"href":"https:\/\/mkratten.se\/wordpress\/index.php?rest_route=\/wp\/v2\/posts\/3205\/revisions\/3207"}],"wp:attachment":[{"href":"https:\/\/mkratten.se\/wordpress\/index.php?rest_route=%2Fwp%2Fv2%2Fmedia&parent=3205"}],"wp:term":[{"taxonomy":"category","embeddable":true,"href":"https:\/\/mkratten.se\/wordpress\/index.php?rest_route=%2Fwp%2Fv2%2Fcategories&post=3205"},{"taxonomy":"post_tag","embeddable":true,"href":"https:\/\/mkratten.se\/wordpress\/index.php?rest_route=%2Fwp%2Fv2%2Ftags&post=3205"}],"curies":[{"name":"wp","href":"https:\/\/api.w.org\/{rel}","templated":true}]}}