{"id":3178,"date":"2025-01-16T16:10:27","date_gmt":"2025-01-16T15:10:27","guid":{"rendered":"https:\/\/mkratten.se\/wordpress\/?p=3178"},"modified":"2025-01-16T16:10:27","modified_gmt":"2025-01-16T15:10:27","slug":"rallyradio","status":"publish","type":"post","link":"https:\/\/mkratten.se\/wordpress\/?p=3178","title":{"rendered":"Rallyradio!"},"content":{"rendered":"\n<p>Kom ih\u00e5g Rallyradion under helgen! \ud83d\udcfb<br>Per Johansson &amp; Christian Fryklund startar s\u00e4ndningen kl 10.00 p\u00e5 l\u00f6rdag! \ud83c\udfa4<br>Lyssna live via <a href=\"https:\/\/www.svenskbilsporttv.se\/livestream\/s-rallyradio-finnskogsvalsen-med-rally-live-ou9cg\" data-type=\"URL\" data-id=\"https:\/\/www.svenskbilsporttv.se\/livestream\/s-rallyradio-finnskogsvalsen-med-rally-live-ou9cg\" target=\"_blank\" rel=\"noreferrer noopener\">svenskbilsporttv.se<\/a> eller <a href=\"https:\/\/rallylive.se\/\" data-type=\"URL\" data-id=\"https:\/\/rallylive.se\/\" target=\"_blank\" rel=\"noreferrer noopener\">rallylive.se<\/a>! \ud83c\udfc1<\/p>\n\n\n\n<figure class=\"wp-block-image size-large\"><a href=\"https:\/\/mkratten.se\/wordpress\/wp-content\/uploads\/2025\/01\/Radio-widget-1280x720-1.png\"><img decoding=\"async\" loading=\"lazy\" width=\"1024\" height=\"576\" src=\"https:\/\/mkratten.se\/wordpress\/wp-content\/uploads\/2025\/01\/Radio-widget-1280x720-1-1024x576.png\" alt=\"\" class=\"wp-image-3179\" srcset=\"https:\/\/mkratten.se\/wordpress\/wp-content\/uploads\/2025\/01\/Radio-widget-1280x720-1-1024x576.png 1024w, https:\/\/mkratten.se\/wordpress\/wp-content\/uploads\/2025\/01\/Radio-widget-1280x720-1-300x169.png 300w, https:\/\/mkratten.se\/wordpress\/wp-content\/uploads\/2025\/01\/Radio-widget-1280x720-1-768x432.png 768w, https:\/\/mkratten.se\/wordpress\/wp-content\/uploads\/2025\/01\/Radio-widget-1280x720-1-500x281.png 500w, https:\/\/mkratten.se\/wordpress\/wp-content\/uploads\/2025\/01\/Radio-widget-1280x720-1.png 1280w\" sizes=\"(max-width: 1024px) 100vw, 1024px\" \/><\/a><\/figure>\n","protected":false},"excerpt":{"rendered":"<p>Kom ih\u00e5g Rallyradion under helgen! \ud83d\udcfbPer Johansson &amp; Christian Fryklund startar s\u00e4ndningen kl 10.00 p\u00e5 l\u00f6rdag! \ud83c\udfa4Lyssna live via svenskbilsporttv.se eller rallylive.se! \ud83c\udfc1<\/p>\n","protected":false},"author":3,"featured_media":0,"comment_status":"closed","ping_status":"closed","sticky":false,"template":"","format":"standard","meta":{"_expiration-date-status":"","_expiration-date":1737644836,"_expiration-date-type":"draft","_expiration-date-categories":[],"_expiration-date-options":[]},"categories":[1],"tags":[],"_links":{"self":[{"href":"https:\/\/mkratten.se\/wordpress\/index.php?rest_route=\/wp\/v2\/posts\/3178"}],"collection":[{"href":"https:\/\/mkratten.se\/wordpress\/index.php?rest_route=\/wp\/v2\/posts"}],"about":[{"href":"https:\/\/mkratten.se\/wordpress\/index.php?rest_route=\/wp\/v2\/types\/post"}],"author":[{"embeddable":true,"href":"https:\/\/mkratten.se\/wordpress\/index.php?rest_route=\/wp\/v2\/users\/3"}],"replies":[{"embeddable":true,"href":"https:\/\/mkratten.se\/wordpress\/index.php?rest_route=%2Fwp%2Fv2%2Fcomments&post=3178"}],"version-history":[{"count":1,"href":"https:\/\/mkratten.se\/wordpress\/index.php?rest_route=\/wp\/v2\/posts\/3178\/revisions"}],"predecessor-version":[{"id":3180,"href":"https:\/\/mkratten.se\/wordpress\/index.php?rest_route=\/wp\/v2\/posts\/3178\/revisions\/3180"}],"wp:attachment":[{"href":"https:\/\/mkratten.se\/wordpress\/index.php?rest_route=%2Fwp%2Fv2%2Fmedia&parent=3178"}],"wp:term":[{"taxonomy":"category","embeddable":true,"href":"https:\/\/mkratten.se\/wordpress\/index.php?rest_route=%2Fwp%2Fv2%2Fcategories&post=3178"},{"taxonomy":"post_tag","embeddable":true,"href":"https:\/\/mkratten.se\/wordpress\/index.php?rest_route=%2Fwp%2Fv2%2Ftags&post=3178"}],"curies":[{"name":"wp","href":"https:\/\/api.w.org\/{rel}","templated":true}]}}