{"id":2903,"date":"2022-09-27T18:27:41","date_gmt":"2022-09-27T16:27:41","guid":{"rendered":"http:\/\/mkratten.se\/wordpress\/?p=2903"},"modified":"2022-09-27T18:27:42","modified_gmt":"2022-09-27T16:27:42","slug":"finnskogsvalsen-2023","status":"publish","type":"post","link":"http:\/\/mkratten.se\/wordpress\/?p=2903","title":{"rendered":"Finnskogsvalsen 2023"},"content":{"rendered":"\n<p>Snart \u00e4r vintern \u00e4ntligen h\u00e4r! \u2744\ufe0f<\/p>\n\n\n\n<p>Traditionsenligt planerar MK Ratten att k\u00f6ra Finnskogsvalsen i b\u00f6rjan av januari, n\u00e4rmare best\u00e4mt l\u00f6rdag 14 januari!<\/p>\n\n\n\n<p>Finnskogsvalsen 2023 kommer att best\u00e5 av ca 6 mil specialstr\u00e4cka f\u00f6rdelat p\u00e5 5 str\u00e4ckor, med start och m\u00e5l i Torsby!<\/p>\n\n\n\n<p>Vi har f\u00e5tt ihop en bra banstr\u00e4ckning som inneh\u00e5ller det mesta f\u00f6r de flesta!<\/p>\n\n\n\n<p>D\u00e5 t\u00e4vlingen kan vara bland de f\u00f6rsta p\u00e5 \u00e5ret med sn\u00f6 och is f\u00f6r m\u00e5nga ekipage planeras \u00e4ven en frivillig shakedown under fredagen!<\/p>\n\n\n\n<p>Mer info kommer inom kort!<\/p>\n\n\n\n<figure class=\"wp-block-image size-large\"><a href=\"http:\/\/mkratten.se\/wordpress\/wp-content\/uploads\/2022\/09\/Finnskogsvalsen.jpg\"><img decoding=\"async\" loading=\"lazy\" width=\"1024\" height=\"683\" src=\"http:\/\/mkratten.se\/wordpress\/wp-content\/uploads\/2022\/09\/Finnskogsvalsen-1024x683.jpg\" alt=\"\" class=\"wp-image-2904\" srcset=\"http:\/\/mkratten.se\/wordpress\/wp-content\/uploads\/2022\/09\/Finnskogsvalsen-1024x683.jpg 1024w, http:\/\/mkratten.se\/wordpress\/wp-content\/uploads\/2022\/09\/Finnskogsvalsen-300x200.jpg 300w, http:\/\/mkratten.se\/wordpress\/wp-content\/uploads\/2022\/09\/Finnskogsvalsen-768x512.jpg 768w, http:\/\/mkratten.se\/wordpress\/wp-content\/uploads\/2022\/09\/Finnskogsvalsen-450x300.jpg 450w, http:\/\/mkratten.se\/wordpress\/wp-content\/uploads\/2022\/09\/Finnskogsvalsen.jpg 1079w\" sizes=\"(max-width: 1024px) 100vw, 1024px\" \/><\/a><figcaption>Foto: Hans Edvardsson<\/figcaption><\/figure>\n","protected":false},"excerpt":{"rendered":"<p>Snart \u00e4r vintern \u00e4ntligen h\u00e4r! \u2744\ufe0f Traditionsenligt planerar MK Ratten att k\u00f6ra Finnskogsvalsen i b\u00f6rjan av januari, n\u00e4rmare best\u00e4mt l\u00f6rdag 14 januari! Finnskogsvalsen 2023 kommer att best\u00e5 av ca 6 mil specialstr\u00e4cka f\u00f6rdelat p\u00e5 5 str\u00e4ckor, med start och m\u00e5l &hellip; <a href=\"http:\/\/mkratten.se\/wordpress\/?p=2903\">Forts\u00e4tt l\u00e4sa <span class=\"meta-nav\">&rarr;<\/span><\/a><\/p>\n","protected":false},"author":3,"featured_media":0,"comment_status":"closed","ping_status":"closed","sticky":false,"template":"","format":"standard","meta":{"_expiration-date-status":"saved","_expiration-date":0,"_expiration-date-type":"","_expiration-date-categories":[],"_expiration-date-options":[]},"categories":[1],"tags":[],"_links":{"self":[{"href":"http:\/\/mkratten.se\/wordpress\/index.php?rest_route=\/wp\/v2\/posts\/2903"}],"collection":[{"href":"http:\/\/mkratten.se\/wordpress\/index.php?rest_route=\/wp\/v2\/posts"}],"about":[{"href":"http:\/\/mkratten.se\/wordpress\/index.php?rest_route=\/wp\/v2\/types\/post"}],"author":[{"embeddable":true,"href":"http:\/\/mkratten.se\/wordpress\/index.php?rest_route=\/wp\/v2\/users\/3"}],"replies":[{"embeddable":true,"href":"http:\/\/mkratten.se\/wordpress\/index.php?rest_route=%2Fwp%2Fv2%2Fcomments&post=2903"}],"version-history":[{"count":1,"href":"http:\/\/mkratten.se\/wordpress\/index.php?rest_route=\/wp\/v2\/posts\/2903\/revisions"}],"predecessor-version":[{"id":2905,"href":"http:\/\/mkratten.se\/wordpress\/index.php?rest_route=\/wp\/v2\/posts\/2903\/revisions\/2905"}],"wp:attachment":[{"href":"http:\/\/mkratten.se\/wordpress\/index.php?rest_route=%2Fwp%2Fv2%2Fmedia&parent=2903"}],"wp:term":[{"taxonomy":"category","embeddable":true,"href":"http:\/\/mkratten.se\/wordpress\/index.php?rest_route=%2Fwp%2Fv2%2Fcategories&post=2903"},{"taxonomy":"post_tag","embeddable":true,"href":"http:\/\/mkratten.se\/wordpress\/index.php?rest_route=%2Fwp%2Fv2%2Ftags&post=2903"}],"curies":[{"name":"wp","href":"https:\/\/api.w.org\/{rel}","templated":true}]}}