{"id":2891,"date":"2022-09-08T18:36:22","date_gmt":"2022-09-08T16:36:22","guid":{"rendered":"http:\/\/mkratten.se\/wordpress\/?p=2891"},"modified":"2022-09-08T18:37:05","modified_gmt":"2022-09-08T16:37:05","slug":"svensk-junior-mastare-%f0%9f%8f%81","status":"publish","type":"post","link":"http:\/\/mkratten.se\/wordpress\/?p=2891","title":{"rendered":"Svensk Junior M\u00e4stare! \ud83c\udfc1"},"content":{"rendered":"\n<p>Eivind Walfridsson Dahl tar JSM Guld i Crosskart! \ud83c\udfc6<\/p>\n\n\n\n<p>Svensk juniorm\u00e4stare kan Eivind Walfridsson Dahl numer titulera sig som efter att ha s\u00e4krat guldet i Klass 2, 125cc under SM t\u00e4vlingen i V\u00e4ster\u00e5s! <\/p>\n\n\n\n<p>STORT Grattis fr\u00e5n oss alla i MK Ratten! \ud83c\udfc1\ud83c\udfc6<\/p>\n\n\n\n<figure class=\"wp-block-image size-large\"><a href=\"http:\/\/mkratten.se\/wordpress\/wp-content\/uploads\/2022\/09\/FB_IMG_1662654706836.jpg\"><img decoding=\"async\" loading=\"lazy\" width=\"1024\" height=\"631\" src=\"http:\/\/mkratten.se\/wordpress\/wp-content\/uploads\/2022\/09\/FB_IMG_1662654706836-1024x631.jpg\" alt=\"\" class=\"wp-image-2892\" srcset=\"http:\/\/mkratten.se\/wordpress\/wp-content\/uploads\/2022\/09\/FB_IMG_1662654706836-1024x631.jpg 1024w, http:\/\/mkratten.se\/wordpress\/wp-content\/uploads\/2022\/09\/FB_IMG_1662654706836-300x185.jpg 300w, http:\/\/mkratten.se\/wordpress\/wp-content\/uploads\/2022\/09\/FB_IMG_1662654706836-768x474.jpg 768w, http:\/\/mkratten.se\/wordpress\/wp-content\/uploads\/2022\/09\/FB_IMG_1662654706836-486x300.jpg 486w, http:\/\/mkratten.se\/wordpress\/wp-content\/uploads\/2022\/09\/FB_IMG_1662654706836.jpg 1080w\" sizes=\"(max-width: 1024px) 100vw, 1024px\" \/><\/a><figcaption>Foto: Annemo Friberg. <\/figcaption><\/figure>\n","protected":false},"excerpt":{"rendered":"<p>Eivind Walfridsson Dahl tar JSM Guld i Crosskart! \ud83c\udfc6 Svensk juniorm\u00e4stare kan Eivind Walfridsson Dahl numer titulera sig som efter att ha s\u00e4krat guldet i Klass 2, 125cc under SM t\u00e4vlingen i V\u00e4ster\u00e5s! STORT Grattis fr\u00e5n oss alla i MK &hellip; <a href=\"http:\/\/mkratten.se\/wordpress\/?p=2891\">Forts\u00e4tt l\u00e4sa <span class=\"meta-nav\">&rarr;<\/span><\/a><\/p>\n","protected":false},"author":3,"featured_media":0,"comment_status":"closed","ping_status":"closed","sticky":false,"template":"","format":"standard","meta":{"_expiration-date-status":"saved","_expiration-date":0,"_expiration-date-type":"","_expiration-date-categories":[],"_expiration-date-options":[]},"categories":[1],"tags":[],"_links":{"self":[{"href":"http:\/\/mkratten.se\/wordpress\/index.php?rest_route=\/wp\/v2\/posts\/2891"}],"collection":[{"href":"http:\/\/mkratten.se\/wordpress\/index.php?rest_route=\/wp\/v2\/posts"}],"about":[{"href":"http:\/\/mkratten.se\/wordpress\/index.php?rest_route=\/wp\/v2\/types\/post"}],"author":[{"embeddable":true,"href":"http:\/\/mkratten.se\/wordpress\/index.php?rest_route=\/wp\/v2\/users\/3"}],"replies":[{"embeddable":true,"href":"http:\/\/mkratten.se\/wordpress\/index.php?rest_route=%2Fwp%2Fv2%2Fcomments&post=2891"}],"version-history":[{"count":2,"href":"http:\/\/mkratten.se\/wordpress\/index.php?rest_route=\/wp\/v2\/posts\/2891\/revisions"}],"predecessor-version":[{"id":2894,"href":"http:\/\/mkratten.se\/wordpress\/index.php?rest_route=\/wp\/v2\/posts\/2891\/revisions\/2894"}],"wp:attachment":[{"href":"http:\/\/mkratten.se\/wordpress\/index.php?rest_route=%2Fwp%2Fv2%2Fmedia&parent=2891"}],"wp:term":[{"taxonomy":"category","embeddable":true,"href":"http:\/\/mkratten.se\/wordpress\/index.php?rest_route=%2Fwp%2Fv2%2Fcategories&post=2891"},{"taxonomy":"post_tag","embeddable":true,"href":"http:\/\/mkratten.se\/wordpress\/index.php?rest_route=%2Fwp%2Fv2%2Ftags&post=2891"}],"curies":[{"name":"wp","href":"https:\/\/api.w.org\/{rel}","templated":true}]}}