{"id":2701,"date":"2021-08-16T18:38:17","date_gmt":"2021-08-16T16:38:17","guid":{"rendered":"http:\/\/mkratten.se\/wordpress\/?p=2701"},"modified":"2021-08-16T18:38:18","modified_gmt":"2021-08-16T16:38:18","slug":"andrat-datum-jh-grav-guldratten","status":"publish","type":"post","link":"http:\/\/mkratten.se\/wordpress\/?p=2701","title":{"rendered":"\u00c4ndrat datum JH-Gr\u00e4v Guldratten"},"content":{"rendered":"\n<figure class=\"wp-block-image size-full\"><a href=\"http:\/\/mkratten.se\/wordpress\/wp-content\/uploads\/2021\/08\/IMG_0683-1-1.jpg\"><img decoding=\"async\" loading=\"lazy\" width=\"640\" height=\"480\" src=\"http:\/\/mkratten.se\/wordpress\/wp-content\/uploads\/2021\/08\/IMG_0683-1-1.jpg\" alt=\"\" class=\"wp-image-2703\" srcset=\"http:\/\/mkratten.se\/wordpress\/wp-content\/uploads\/2021\/08\/IMG_0683-1-1.jpg 640w, http:\/\/mkratten.se\/wordpress\/wp-content\/uploads\/2021\/08\/IMG_0683-1-1-300x225.jpg 300w, http:\/\/mkratten.se\/wordpress\/wp-content\/uploads\/2021\/08\/IMG_0683-1-1-400x300.jpg 400w\" sizes=\"(max-width: 640px) 100vw, 640px\" \/><\/a><\/figure>\n\n\n\n<p>OBS! Datum f\u00f6r folkracet\u00e4vlingen JH-Gr\u00e4v Guldratten har \u00e4ndrats till 9 oktober 2021! <\/p>\n\n\n\n<p>Anm\u00e4lan och mer info kommer p\u00e5 www.anmalanonline.se inom kort! <\/p>\n","protected":false},"excerpt":{"rendered":"<p>OBS! Datum f\u00f6r folkracet\u00e4vlingen JH-Gr\u00e4v Guldratten har \u00e4ndrats till 9 oktober 2021! Anm\u00e4lan och mer info kommer p\u00e5 www.anmalanonline.se inom kort!<\/p>\n","protected":false},"author":3,"featured_media":0,"comment_status":"closed","ping_status":"closed","sticky":false,"template":"","format":"standard","meta":{"_expiration-date-status":"saved","_expiration-date":0,"_expiration-date-type":"","_expiration-date-categories":[],"_expiration-date-options":[]},"categories":[1],"tags":[],"_links":{"self":[{"href":"http:\/\/mkratten.se\/wordpress\/index.php?rest_route=\/wp\/v2\/posts\/2701"}],"collection":[{"href":"http:\/\/mkratten.se\/wordpress\/index.php?rest_route=\/wp\/v2\/posts"}],"about":[{"href":"http:\/\/mkratten.se\/wordpress\/index.php?rest_route=\/wp\/v2\/types\/post"}],"author":[{"embeddable":true,"href":"http:\/\/mkratten.se\/wordpress\/index.php?rest_route=\/wp\/v2\/users\/3"}],"replies":[{"embeddable":true,"href":"http:\/\/mkratten.se\/wordpress\/index.php?rest_route=%2Fwp%2Fv2%2Fcomments&post=2701"}],"version-history":[{"count":1,"href":"http:\/\/mkratten.se\/wordpress\/index.php?rest_route=\/wp\/v2\/posts\/2701\/revisions"}],"predecessor-version":[{"id":2705,"href":"http:\/\/mkratten.se\/wordpress\/index.php?rest_route=\/wp\/v2\/posts\/2701\/revisions\/2705"}],"wp:attachment":[{"href":"http:\/\/mkratten.se\/wordpress\/index.php?rest_route=%2Fwp%2Fv2%2Fmedia&parent=2701"}],"wp:term":[{"taxonomy":"category","embeddable":true,"href":"http:\/\/mkratten.se\/wordpress\/index.php?rest_route=%2Fwp%2Fv2%2Fcategories&post=2701"},{"taxonomy":"post_tag","embeddable":true,"href":"http:\/\/mkratten.se\/wordpress\/index.php?rest_route=%2Fwp%2Fv2%2Ftags&post=2701"}],"curies":[{"name":"wp","href":"https:\/\/api.w.org\/{rel}","templated":true}]}}