{"id":2694,"date":"2021-08-13T17:22:37","date_gmt":"2021-08-13T15:22:37","guid":{"rendered":"http:\/\/mkratten.se\/wordpress\/?p=2694"},"modified":"2021-08-13T17:23:06","modified_gmt":"2021-08-13T15:23:06","slug":"helgens-motorsport","status":"publish","type":"post","link":"http:\/\/mkratten.se\/wordpress\/?p=2694","title":{"rendered":"Helgens Motorsport!"},"content":{"rendered":"\n<figure class=\"wp-block-image size-full\"><a href=\"http:\/\/mkratten.se\/wordpress\/wp-content\/uploads\/2021\/08\/FB_IMG_1628868008000.jpg\"><img decoding=\"async\" loading=\"lazy\" width=\"960\" height=\"640\" src=\"http:\/\/mkratten.se\/wordpress\/wp-content\/uploads\/2021\/08\/FB_IMG_1628868008000.jpg\" alt=\"\" class=\"wp-image-2695\" srcset=\"http:\/\/mkratten.se\/wordpress\/wp-content\/uploads\/2021\/08\/FB_IMG_1628868008000.jpg 960w, http:\/\/mkratten.se\/wordpress\/wp-content\/uploads\/2021\/08\/FB_IMG_1628868008000-300x200.jpg 300w, http:\/\/mkratten.se\/wordpress\/wp-content\/uploads\/2021\/08\/FB_IMG_1628868008000-768x512.jpg 768w, http:\/\/mkratten.se\/wordpress\/wp-content\/uploads\/2021\/08\/FB_IMG_1628868008000-450x300.jpg 450w\" sizes=\"(max-width: 960px) 100vw, 960px\" \/><\/a><figcaption><em>Foto: Oliver Solberg <\/em><\/figcaption><\/figure>\n\n\n\n<p>En hel del motorsport att h\u00e5lla koll p\u00e5 under helgen!<\/p>\n\n\n\n<p><br>Dels VM Rallyt i Belgien d\u00e4r Oliver st\u00e5r p\u00e5 startlinjen! \ud83c\udfc1<br>Vi har \u00e4ven SM rallyt i Kil d\u00e4r vi har tre MK Ratten f\u00f6rknippade ekipage! <em>(Henning Greek och Per Wiksten som kartl\u00e4sare och \u00e4ven f\u00f6rare Jack Ernstson)<\/em> \ud83c\udfc1<br>Sedan k\u00f6rs \u00e4ven Rallycross SM\/Rally X Nordic p\u00e5 Westom-banan i Arvika! \ud83c\udfc1<\/p>\n\n\n\n<p>Rally- och Rallycross SM kan f\u00f6ljas via SBFplay. Men \u00e4ven SVT kommer s\u00e4nda fr\u00e5n helgens t\u00e4vlingar:<\/p>\n\n\n\n<p>SVT1 09.45-11.00 Motorsport, rally-VM: Belgien SS10 L\u00f6rdag<\/p>\n\n\n\n<p>SVT2 15.00-16.00 Motorsport, rally-VM: Belgien SS14 L\u00f6rdag<\/p>\n\n\n\n<p>SVT1 10.00-11.00 Motorsport rally-VM: Belgien SS18 S\u00f6ndag<\/p>\n\n\n\n<p>SVT2 12.00-13.30 Motorsport rally-VM: Belgien SS20 S\u00f6ndag<\/p>\n\n\n\n<p>SVT s\u00e4nder samtliga Rallycross semifinaler och finaler p\u00e5 s\u00f6ndag med start 14:00<\/p>\n\n\n\n<p>SVT Play 15.00-18.00 Motorsport: SM rallycross S\u00f6ndag<\/p>\n\n\n\n<p>SVT1 17.00-17.55 Motorsport: SM rallycross S\u00f6ndag<\/p>\n","protected":false},"excerpt":{"rendered":"<p>En hel del motorsport att h\u00e5lla koll p\u00e5 under helgen! Dels VM Rallyt i Belgien d\u00e4r Oliver st\u00e5r p\u00e5 startlinjen! \ud83c\udfc1Vi har \u00e4ven SM rallyt i Kil d\u00e4r vi har tre MK Ratten f\u00f6rknippade ekipage! (Henning Greek och Per Wiksten &hellip; <a href=\"http:\/\/mkratten.se\/wordpress\/?p=2694\">Forts\u00e4tt l\u00e4sa <span class=\"meta-nav\">&rarr;<\/span><\/a><\/p>\n","protected":false},"author":3,"featured_media":0,"comment_status":"closed","ping_status":"closed","sticky":false,"template":"","format":"standard","meta":{"_expiration-date-status":"saved","_expiration-date":0,"_expiration-date-type":"","_expiration-date-categories":[],"_expiration-date-options":[]},"categories":[1],"tags":[],"_links":{"self":[{"href":"http:\/\/mkratten.se\/wordpress\/index.php?rest_route=\/wp\/v2\/posts\/2694"}],"collection":[{"href":"http:\/\/mkratten.se\/wordpress\/index.php?rest_route=\/wp\/v2\/posts"}],"about":[{"href":"http:\/\/mkratten.se\/wordpress\/index.php?rest_route=\/wp\/v2\/types\/post"}],"author":[{"embeddable":true,"href":"http:\/\/mkratten.se\/wordpress\/index.php?rest_route=\/wp\/v2\/users\/3"}],"replies":[{"embeddable":true,"href":"http:\/\/mkratten.se\/wordpress\/index.php?rest_route=%2Fwp%2Fv2%2Fcomments&post=2694"}],"version-history":[{"count":2,"href":"http:\/\/mkratten.se\/wordpress\/index.php?rest_route=\/wp\/v2\/posts\/2694\/revisions"}],"predecessor-version":[{"id":2697,"href":"http:\/\/mkratten.se\/wordpress\/index.php?rest_route=\/wp\/v2\/posts\/2694\/revisions\/2697"}],"wp:attachment":[{"href":"http:\/\/mkratten.se\/wordpress\/index.php?rest_route=%2Fwp%2Fv2%2Fmedia&parent=2694"}],"wp:term":[{"taxonomy":"category","embeddable":true,"href":"http:\/\/mkratten.se\/wordpress\/index.php?rest_route=%2Fwp%2Fv2%2Fcategories&post=2694"},{"taxonomy":"post_tag","embeddable":true,"href":"http:\/\/mkratten.se\/wordpress\/index.php?rest_route=%2Fwp%2Fv2%2Ftags&post=2694"}],"curies":[{"name":"wp","href":"https:\/\/api.w.org\/{rel}","templated":true}]}}