{"id":2688,"date":"2021-08-10T13:38:39","date_gmt":"2021-08-10T11:38:39","guid":{"rendered":"http:\/\/mkratten.se\/wordpress\/?p=2688"},"modified":"2021-08-10T13:38:40","modified_gmt":"2021-08-10T11:38:40","slug":"trampbilsrallyt-installt","status":"publish","type":"post","link":"http:\/\/mkratten.se\/wordpress\/?p=2688","title":{"rendered":"Trampbilsrallyt inst\u00e4llt."},"content":{"rendered":"\n<p>Tyv\u00e4rr m\u00e5ste vi meddela att trampbilsrallyt 2021 st\u00e4lls in.<br>Vi hade f\u00f6r avsikt att hitta ett passande ers\u00e4ttningsdatum under h\u00f6sten men har ej lyckats d\u00e5 datum krockar med andra arrangemang och t\u00e4vlingar.  <br><br>Vi kommer forts\u00e4tta planera f\u00f6r ett trampbilsrally som traditionsenligt kommer att h\u00e5llas i samband med midsommarfirandet i Torsbycentrum 2022.<br><br>Hoppas vi ses d\u00e5! <br><\/p>\n\n\n\n<figure class=\"wp-block-image size-large\"><img decoding=\"async\" loading=\"lazy\" width=\"768\" height=\"513\" src=\"http:\/\/mkratten.se\/wordpress\/wp-content\/uploads\/2021\/08\/DSC_2823-768x513-1.jpg\" alt=\"\" class=\"wp-image-2689\" srcset=\"http:\/\/mkratten.se\/wordpress\/wp-content\/uploads\/2021\/08\/DSC_2823-768x513-1.jpg 768w, http:\/\/mkratten.se\/wordpress\/wp-content\/uploads\/2021\/08\/DSC_2823-768x513-1-300x200.jpg 300w, http:\/\/mkratten.se\/wordpress\/wp-content\/uploads\/2021\/08\/DSC_2823-768x513-1-449x300.jpg 449w\" sizes=\"(max-width: 768px) 100vw, 768px\" \/><figcaption><em>Trampbilsrallyt 2019.<\/em><\/figcaption><\/figure>\n\n\n\n<p><\/p>\n","protected":false},"excerpt":{"rendered":"<p>Tyv\u00e4rr m\u00e5ste vi meddela att trampbilsrallyt 2021 st\u00e4lls in.Vi hade f\u00f6r avsikt att hitta ett passande ers\u00e4ttningsdatum under h\u00f6sten men har ej lyckats d\u00e5 datum krockar med andra arrangemang och t\u00e4vlingar. Vi kommer forts\u00e4tta planera f\u00f6r ett trampbilsrally som traditionsenligt &hellip; <a href=\"http:\/\/mkratten.se\/wordpress\/?p=2688\">Forts\u00e4tt l\u00e4sa <span class=\"meta-nav\">&rarr;<\/span><\/a><\/p>\n","protected":false},"author":3,"featured_media":0,"comment_status":"closed","ping_status":"closed","sticky":false,"template":"","format":"standard","meta":{"_expiration-date-status":"saved","_expiration-date":0,"_expiration-date-type":"","_expiration-date-categories":[],"_expiration-date-options":[]},"categories":[1],"tags":[],"_links":{"self":[{"href":"http:\/\/mkratten.se\/wordpress\/index.php?rest_route=\/wp\/v2\/posts\/2688"}],"collection":[{"href":"http:\/\/mkratten.se\/wordpress\/index.php?rest_route=\/wp\/v2\/posts"}],"about":[{"href":"http:\/\/mkratten.se\/wordpress\/index.php?rest_route=\/wp\/v2\/types\/post"}],"author":[{"embeddable":true,"href":"http:\/\/mkratten.se\/wordpress\/index.php?rest_route=\/wp\/v2\/users\/3"}],"replies":[{"embeddable":true,"href":"http:\/\/mkratten.se\/wordpress\/index.php?rest_route=%2Fwp%2Fv2%2Fcomments&post=2688"}],"version-history":[{"count":1,"href":"http:\/\/mkratten.se\/wordpress\/index.php?rest_route=\/wp\/v2\/posts\/2688\/revisions"}],"predecessor-version":[{"id":2690,"href":"http:\/\/mkratten.se\/wordpress\/index.php?rest_route=\/wp\/v2\/posts\/2688\/revisions\/2690"}],"wp:attachment":[{"href":"http:\/\/mkratten.se\/wordpress\/index.php?rest_route=%2Fwp%2Fv2%2Fmedia&parent=2688"}],"wp:term":[{"taxonomy":"category","embeddable":true,"href":"http:\/\/mkratten.se\/wordpress\/index.php?rest_route=%2Fwp%2Fv2%2Fcategories&post=2688"},{"taxonomy":"post_tag","embeddable":true,"href":"http:\/\/mkratten.se\/wordpress\/index.php?rest_route=%2Fwp%2Fv2%2Ftags&post=2688"}],"curies":[{"name":"wp","href":"https:\/\/api.w.org\/{rel}","templated":true}]}}