{"id":2648,"date":"2021-04-21T21:06:04","date_gmt":"2021-04-21T19:06:04","guid":{"rendered":"http:\/\/mkratten.se\/wordpress\/?p=2648"},"modified":"2021-05-04T08:50:26","modified_gmt":"2021-05-04T06:50:26","slug":"arsmotet-framflyttat","status":"publish","type":"post","link":"http:\/\/mkratten.se\/wordpress\/?p=2648","title":{"rendered":"\u00c5rsm\u00f6tet framflyttat!"},"content":{"rendered":"\n<p><strong>OBS! <\/strong>P\u00e5grund av \u00f6kad smittspridning i Torsby med omnejd togs idag beslut att \u00e5rsm\u00f6tet som skulle ha h\u00e5llits i Graneviksparken s\u00f6ndag 2 maj kl 16.00 <strong>kommer att flyttas fram<\/strong>. <\/p>\n\n\n\n<p>Hoppas alla har f\u00f6rst\u00e5else f\u00f6r detta!<\/p>\n\n\n\n<p>Vi kommer \u00e5terkomma med nytt datum samt plats! <\/p>\n\n\n\n<p>Vi har tagit fram Tshirt, Tr\u00f6ja, Tr\u00f6ja <em>(med och utan huva) <\/em>samt Jackor med klubbens logga som kommer att kunna best\u00e4llas. <\/p>\n\n\n\n<p>Bilder l\u00e4ggs ut under torsdagen. <\/p>\n\n\n\n<p>Olika storlekar finns framtagna s\u00e5 att man kan prova vilken storlek man vill ha. <\/p>\n\n\n\n<p>Kontakta Jim om du vill prova ut en storlek tel  0725391600<\/p>\n\n\n\n<figure class=\"wp-block-image size-large\"><img decoding=\"async\" loading=\"lazy\" width=\"730\" height=\"586\" src=\"http:\/\/mkratten.se\/wordpress\/wp-content\/uploads\/2021\/04\/20210421_205454.jpg\" alt=\"\" class=\"wp-image-2650\" srcset=\"http:\/\/mkratten.se\/wordpress\/wp-content\/uploads\/2021\/04\/20210421_205454.jpg 730w, http:\/\/mkratten.se\/wordpress\/wp-content\/uploads\/2021\/04\/20210421_205454-300x241.jpg 300w, http:\/\/mkratten.se\/wordpress\/wp-content\/uploads\/2021\/04\/20210421_205454-374x300.jpg 374w\" sizes=\"(max-width: 730px) 100vw, 730px\" \/><\/figure>\n","protected":false},"excerpt":{"rendered":"<p>OBS! P\u00e5grund av \u00f6kad smittspridning i Torsby med omnejd togs idag beslut att \u00e5rsm\u00f6tet som skulle ha h\u00e5llits i Graneviksparken s\u00f6ndag 2 maj kl 16.00 kommer att flyttas fram. Hoppas alla har f\u00f6rst\u00e5else f\u00f6r detta! Vi kommer \u00e5terkomma med nytt &hellip; <a href=\"http:\/\/mkratten.se\/wordpress\/?p=2648\">Forts\u00e4tt l\u00e4sa <span class=\"meta-nav\">&rarr;<\/span><\/a><\/p>\n","protected":false},"author":3,"featured_media":0,"comment_status":"closed","ping_status":"closed","sticky":false,"template":"","format":"standard","meta":{"_expiration-date-status":"saved","_expiration-date":0,"_expiration-date-type":"","_expiration-date-categories":[],"_expiration-date-options":[]},"categories":[1],"tags":[],"_links":{"self":[{"href":"http:\/\/mkratten.se\/wordpress\/index.php?rest_route=\/wp\/v2\/posts\/2648"}],"collection":[{"href":"http:\/\/mkratten.se\/wordpress\/index.php?rest_route=\/wp\/v2\/posts"}],"about":[{"href":"http:\/\/mkratten.se\/wordpress\/index.php?rest_route=\/wp\/v2\/types\/post"}],"author":[{"embeddable":true,"href":"http:\/\/mkratten.se\/wordpress\/index.php?rest_route=\/wp\/v2\/users\/3"}],"replies":[{"embeddable":true,"href":"http:\/\/mkratten.se\/wordpress\/index.php?rest_route=%2Fwp%2Fv2%2Fcomments&post=2648"}],"version-history":[{"count":5,"href":"http:\/\/mkratten.se\/wordpress\/index.php?rest_route=\/wp\/v2\/posts\/2648\/revisions"}],"predecessor-version":[{"id":2655,"href":"http:\/\/mkratten.se\/wordpress\/index.php?rest_route=\/wp\/v2\/posts\/2648\/revisions\/2655"}],"wp:attachment":[{"href":"http:\/\/mkratten.se\/wordpress\/index.php?rest_route=%2Fwp%2Fv2%2Fmedia&parent=2648"}],"wp:term":[{"taxonomy":"category","embeddable":true,"href":"http:\/\/mkratten.se\/wordpress\/index.php?rest_route=%2Fwp%2Fv2%2Fcategories&post=2648"},{"taxonomy":"post_tag","embeddable":true,"href":"http:\/\/mkratten.se\/wordpress\/index.php?rest_route=%2Fwp%2Fv2%2Ftags&post=2648"}],"curies":[{"name":"wp","href":"https:\/\/api.w.org\/{rel}","templated":true}]}}