{"id":2632,"date":"2021-02-28T19:27:53","date_gmt":"2021-02-28T18:27:53","guid":{"rendered":"http:\/\/mkratten.se\/wordpress\/?p=2632"},"modified":"2021-02-28T19:27:55","modified_gmt":"2021-02-28T18:27:55","slug":"arctic-rally-%f0%9f%8f%81-2","status":"publish","type":"post","link":"http:\/\/mkratten.se\/wordpress\/?p=2632","title":{"rendered":"Arctic Rally \ud83c\udfc1"},"content":{"rendered":"\n<p>Oliver Solberg imponerade stort i sin WRC debut under helgens Arctic Rally och avslutar rallyt p\u00e5 en 7:e plats. <\/p>\n\n\n\n<p>P\u00e5 v\u00e4gen till sjundeplatsen, 1,39 minuter efter vinnaren, satte Oliver sex topp-5 tider p\u00e5 rallyts totalt tio specialstr\u00e4ckor.<\/p>\n\n\n\n<p>Grymt jobbat av Oliver med inhoppande kartl\u00e4saren Seb Marshall, detta var f\u00f6rsta men med st\u00f6rsta sannolikhet kommer vi att kunna f\u00f6lja Oliver i den h\u00f6gsta klassen i m\u00e5nga t\u00e4vlingar fram\u00f6ver! <\/p>\n\n\n\n<p>N\u00e4sta VM-t\u00e4vling \u00e4r Rally Kroatien om knappt tv\u00e5 m\u00e5nader. Det \u00e4r \u00e4n inte klart vilken klass Oliver Solberg kommer k\u00f6ra d\u00e4r. <\/p>\n\n\n\n<figure class=\"wp-block-image size-large\"><img decoding=\"async\" loading=\"lazy\" width=\"1024\" height=\"683\" src=\"http:\/\/mkratten.se\/wordpress\/wp-content\/uploads\/2021\/02\/FB_IMG_1614535001211-1024x683.jpg\" alt=\"\" class=\"wp-image-2634\" srcset=\"http:\/\/mkratten.se\/wordpress\/wp-content\/uploads\/2021\/02\/FB_IMG_1614535001211-1024x683.jpg 1024w, http:\/\/mkratten.se\/wordpress\/wp-content\/uploads\/2021\/02\/FB_IMG_1614535001211-300x200.jpg 300w, http:\/\/mkratten.se\/wordpress\/wp-content\/uploads\/2021\/02\/FB_IMG_1614535001211-768x512.jpg 768w, http:\/\/mkratten.se\/wordpress\/wp-content\/uploads\/2021\/02\/FB_IMG_1614535001211-450x300.jpg 450w, http:\/\/mkratten.se\/wordpress\/wp-content\/uploads\/2021\/02\/FB_IMG_1614535001211.jpg 1080w\" sizes=\"(max-width: 1024px) 100vw, 1024px\" \/><\/figure>\n\n\n\n<p>Patrik Barth, som f\u00f6r helgen hoppade in som co-driver till Johan Kristoffersson slutade p\u00e5 en tioende plats i WRC3 klassen. De satte fina tider i klassen men tyv\u00e4rr st\u00e4llde en sn\u00f6vall till det p\u00e5 l\u00f6rdagsf\u00f6rmiddagen och de tappade ca nio minuter p\u00e5 SS4. <\/p>\n\n\n\n<figure class=\"wp-block-image size-large\"><img decoding=\"async\" loading=\"lazy\" width=\"1024\" height=\"643\" src=\"http:\/\/mkratten.se\/wordpress\/wp-content\/uploads\/2021\/02\/FB_IMG_1614536742771-1024x643.jpg\" alt=\"\" class=\"wp-image-2635\" srcset=\"http:\/\/mkratten.se\/wordpress\/wp-content\/uploads\/2021\/02\/FB_IMG_1614536742771-1024x643.jpg 1024w, http:\/\/mkratten.se\/wordpress\/wp-content\/uploads\/2021\/02\/FB_IMG_1614536742771-300x188.jpg 300w, http:\/\/mkratten.se\/wordpress\/wp-content\/uploads\/2021\/02\/FB_IMG_1614536742771-768x482.jpg 768w, http:\/\/mkratten.se\/wordpress\/wp-content\/uploads\/2021\/02\/FB_IMG_1614536742771-478x300.jpg 478w, http:\/\/mkratten.se\/wordpress\/wp-content\/uploads\/2021\/02\/FB_IMG_1614536742771.jpg 1080w\" sizes=\"(max-width: 1024px) 100vw, 1024px\" \/><\/figure>\n","protected":false},"excerpt":{"rendered":"<p>Oliver Solberg imponerade stort i sin WRC debut under helgens Arctic Rally och avslutar rallyt p\u00e5 en 7:e plats. P\u00e5 v\u00e4gen till sjundeplatsen, 1,39 minuter efter vinnaren, satte Oliver sex topp-5 tider p\u00e5 rallyts totalt tio specialstr\u00e4ckor. Grymt jobbat av &hellip; <a href=\"http:\/\/mkratten.se\/wordpress\/?p=2632\">Forts\u00e4tt l\u00e4sa <span class=\"meta-nav\">&rarr;<\/span><\/a><\/p>\n","protected":false},"author":3,"featured_media":0,"comment_status":"closed","ping_status":"closed","sticky":false,"template":"","format":"standard","meta":{"_expiration-date-status":"saved","_expiration-date":0,"_expiration-date-type":"","_expiration-date-categories":[],"_expiration-date-options":[]},"categories":[1],"tags":[],"_links":{"self":[{"href":"http:\/\/mkratten.se\/wordpress\/index.php?rest_route=\/wp\/v2\/posts\/2632"}],"collection":[{"href":"http:\/\/mkratten.se\/wordpress\/index.php?rest_route=\/wp\/v2\/posts"}],"about":[{"href":"http:\/\/mkratten.se\/wordpress\/index.php?rest_route=\/wp\/v2\/types\/post"}],"author":[{"embeddable":true,"href":"http:\/\/mkratten.se\/wordpress\/index.php?rest_route=\/wp\/v2\/users\/3"}],"replies":[{"embeddable":true,"href":"http:\/\/mkratten.se\/wordpress\/index.php?rest_route=%2Fwp%2Fv2%2Fcomments&post=2632"}],"version-history":[{"count":1,"href":"http:\/\/mkratten.se\/wordpress\/index.php?rest_route=\/wp\/v2\/posts\/2632\/revisions"}],"predecessor-version":[{"id":2636,"href":"http:\/\/mkratten.se\/wordpress\/index.php?rest_route=\/wp\/v2\/posts\/2632\/revisions\/2636"}],"wp:attachment":[{"href":"http:\/\/mkratten.se\/wordpress\/index.php?rest_route=%2Fwp%2Fv2%2Fmedia&parent=2632"}],"wp:term":[{"taxonomy":"category","embeddable":true,"href":"http:\/\/mkratten.se\/wordpress\/index.php?rest_route=%2Fwp%2Fv2%2Fcategories&post=2632"},{"taxonomy":"post_tag","embeddable":true,"href":"http:\/\/mkratten.se\/wordpress\/index.php?rest_route=%2Fwp%2Fv2%2Ftags&post=2632"}],"curies":[{"name":"wp","href":"https:\/\/api.w.org\/{rel}","templated":true}]}}