{"id":2629,"date":"2021-02-26T20:05:25","date_gmt":"2021-02-26T19:05:25","guid":{"rendered":"http:\/\/mkratten.se\/wordpress\/?p=2629"},"modified":"2021-02-26T20:05:26","modified_gmt":"2021-02-26T19:05:26","slug":"arctic-rally-%f0%9f%8f%81","status":"publish","type":"post","link":"http:\/\/mkratten.se\/wordpress\/?p=2629","title":{"rendered":"Arctic Rally! \ud83c\udfc1"},"content":{"rendered":"\n<p>F\u00f6lj Oliver Solberg och hans WRC-debut i Arctic Rally under helgen! <\/p>\n\n\n\n<p>\u00c4ven Patrik Barth befinner sig i finska Rovaniemi som codriver till Johan Kristoffersson i WRC3!<\/p>\n\n\n\n<p><strong>L\u00f6rdag 27 februari<\/strong><br>09.30-10.30, SVT2\/SVT Play: SS4, Kaihuavaara (19,91 km)<\/p>\n\n\n\n<p>10.45-11.00, SVT1: SS4, sammandrag<\/p>\n\n\n\n<p>16.00-17.00, SVT2\/SVT Play: SS7, Kaihuavaara (19,91 km)<\/p>\n\n\n\n<p><strong>S\u00f6ndag 28 februari<\/strong><br>09.00-10.00, SVT2\/SVT Play: SS9, Aittaj\u00e4rvi (22,47 km)<\/p>\n\n\n\n<p>12.00-13.30, SVT Play: SS10, Aittaj\u00e4rvi (22,47 km), Power Stage<\/p>\n\n\n\n<p>16.25-17.55, SVT1\/SVT Play: SS10 (efters\u00e4ndning)<\/p>\n\n\n\n<p><strong>M\u00e5ndag 1 mars<\/strong><br>15.45-16.45, SVT1\/SVT Play: Sammandrag Arctic Rally Finland<\/p>\n\n\n\n<figure class=\"wp-block-image size-large\"><img decoding=\"async\" loading=\"lazy\" width=\"1024\" height=\"683\" src=\"http:\/\/mkratten.se\/wordpress\/wp-content\/uploads\/2021\/02\/FB_IMG_1614366257400-1024x683.jpg\" alt=\"\" class=\"wp-image-2630\" srcset=\"http:\/\/mkratten.se\/wordpress\/wp-content\/uploads\/2021\/02\/FB_IMG_1614366257400-1024x683.jpg 1024w, http:\/\/mkratten.se\/wordpress\/wp-content\/uploads\/2021\/02\/FB_IMG_1614366257400-300x200.jpg 300w, http:\/\/mkratten.se\/wordpress\/wp-content\/uploads\/2021\/02\/FB_IMG_1614366257400-768x512.jpg 768w, http:\/\/mkratten.se\/wordpress\/wp-content\/uploads\/2021\/02\/FB_IMG_1614366257400-450x300.jpg 450w, http:\/\/mkratten.se\/wordpress\/wp-content\/uploads\/2021\/02\/FB_IMG_1614366257400.jpg 1080w\" sizes=\"(max-width: 1024px) 100vw, 1024px\" \/><\/figure>\n","protected":false},"excerpt":{"rendered":"<p>F\u00f6lj Oliver Solberg och hans WRC-debut i Arctic Rally under helgen! \u00c4ven Patrik Barth befinner sig i finska Rovaniemi som codriver till Johan Kristoffersson i WRC3! L\u00f6rdag 27 februari09.30-10.30, SVT2\/SVT Play: SS4, Kaihuavaara (19,91 km) 10.45-11.00, SVT1: SS4, sammandrag 16.00-17.00, &hellip; <a href=\"http:\/\/mkratten.se\/wordpress\/?p=2629\">Forts\u00e4tt l\u00e4sa <span class=\"meta-nav\">&rarr;<\/span><\/a><\/p>\n","protected":false},"author":3,"featured_media":0,"comment_status":"closed","ping_status":"closed","sticky":false,"template":"","format":"standard","meta":{"_expiration-date-status":"saved","_expiration-date":0,"_expiration-date-type":"","_expiration-date-categories":[],"_expiration-date-options":[]},"categories":[1],"tags":[],"_links":{"self":[{"href":"http:\/\/mkratten.se\/wordpress\/index.php?rest_route=\/wp\/v2\/posts\/2629"}],"collection":[{"href":"http:\/\/mkratten.se\/wordpress\/index.php?rest_route=\/wp\/v2\/posts"}],"about":[{"href":"http:\/\/mkratten.se\/wordpress\/index.php?rest_route=\/wp\/v2\/types\/post"}],"author":[{"embeddable":true,"href":"http:\/\/mkratten.se\/wordpress\/index.php?rest_route=\/wp\/v2\/users\/3"}],"replies":[{"embeddable":true,"href":"http:\/\/mkratten.se\/wordpress\/index.php?rest_route=%2Fwp%2Fv2%2Fcomments&post=2629"}],"version-history":[{"count":1,"href":"http:\/\/mkratten.se\/wordpress\/index.php?rest_route=\/wp\/v2\/posts\/2629\/revisions"}],"predecessor-version":[{"id":2631,"href":"http:\/\/mkratten.se\/wordpress\/index.php?rest_route=\/wp\/v2\/posts\/2629\/revisions\/2631"}],"wp:attachment":[{"href":"http:\/\/mkratten.se\/wordpress\/index.php?rest_route=%2Fwp%2Fv2%2Fmedia&parent=2629"}],"wp:term":[{"taxonomy":"category","embeddable":true,"href":"http:\/\/mkratten.se\/wordpress\/index.php?rest_route=%2Fwp%2Fv2%2Fcategories&post=2629"},{"taxonomy":"post_tag","embeddable":true,"href":"http:\/\/mkratten.se\/wordpress\/index.php?rest_route=%2Fwp%2Fv2%2Ftags&post=2629"}],"curies":[{"name":"wp","href":"https:\/\/api.w.org\/{rel}","templated":true}]}}