{"id":2510,"date":"2020-03-15T15:44:10","date_gmt":"2020-03-15T14:44:10","guid":{"rendered":"http:\/\/mkratten.se\/wordpress\/?p=2510"},"modified":"2020-03-15T15:44:11","modified_gmt":"2020-03-15T14:44:11","slug":"rally-mexico","status":"publish","type":"post","link":"http:\/\/mkratten.se\/wordpress\/?p=2510","title":{"rendered":"Rally Mexico"},"content":{"rendered":"\n<p>Stort grattis Patrik Barth, MK Ratten, som tillsammans med Pontus Tidemand k\u00f6rde sig till en 6:e plats totalt och slutade som segrare WRC2 under helgens Rally Mexico! <\/p>\n\n\n\n<figure class=\"wp-block-image\"><img decoding=\"async\" loading=\"lazy\" width=\"1024\" height=\"683\" src=\"http:\/\/mkratten.se\/wordpress\/wp-content\/uploads\/2020\/03\/FB_IMG_1584282123380-1024x683.jpg\" alt=\"\" class=\"wp-image-2511\" srcset=\"http:\/\/mkratten.se\/wordpress\/wp-content\/uploads\/2020\/03\/FB_IMG_1584282123380-1024x683.jpg 1024w, http:\/\/mkratten.se\/wordpress\/wp-content\/uploads\/2020\/03\/FB_IMG_1584282123380-300x200.jpg 300w, http:\/\/mkratten.se\/wordpress\/wp-content\/uploads\/2020\/03\/FB_IMG_1584282123380-768x512.jpg 768w, http:\/\/mkratten.se\/wordpress\/wp-content\/uploads\/2020\/03\/FB_IMG_1584282123380-450x300.jpg 450w, http:\/\/mkratten.se\/wordpress\/wp-content\/uploads\/2020\/03\/FB_IMG_1584282123380.jpg 1079w\" sizes=\"(max-width: 1024px) 100vw, 1024px\" \/><figcaption>Foto: Pontus Tidemand official<\/figcaption><\/figure>\n\n\n\n<figure class=\"wp-block-image\"><img decoding=\"async\" loading=\"lazy\" width=\"1024\" height=\"683\" src=\"http:\/\/mkratten.se\/wordpress\/wp-content\/uploads\/2020\/03\/FB_IMG_1584282117972-1024x683.jpg\" alt=\"\" class=\"wp-image-2512\" srcset=\"http:\/\/mkratten.se\/wordpress\/wp-content\/uploads\/2020\/03\/FB_IMG_1584282117972-1024x683.jpg 1024w, http:\/\/mkratten.se\/wordpress\/wp-content\/uploads\/2020\/03\/FB_IMG_1584282117972-300x200.jpg 300w, http:\/\/mkratten.se\/wordpress\/wp-content\/uploads\/2020\/03\/FB_IMG_1584282117972-768x512.jpg 768w, http:\/\/mkratten.se\/wordpress\/wp-content\/uploads\/2020\/03\/FB_IMG_1584282117972-450x300.jpg 450w, http:\/\/mkratten.se\/wordpress\/wp-content\/uploads\/2020\/03\/FB_IMG_1584282117972.jpg 1080w\" sizes=\"(max-width: 1024px) 100vw, 1024px\" \/><figcaption>Foto: Pontus Tidemand official<\/figcaption><\/figure>\n\n\n\n<p>Oliver Solberg, \u00e4ven han MK Rattare, startade rallyt starkt under torsdagen och ledde WRC3 efter tv\u00e5 k\u00f6rda str\u00e4ckor. Men fick tyv\u00e4rr bryta efter fredagens f\u00f6rsta str\u00e4cka d\u00e5 en p\u00e5k\u00f6rd sten st\u00e4llde till problem med bilen. <\/p>\n","protected":false},"excerpt":{"rendered":"<p>Stort grattis Patrik Barth, MK Ratten, som tillsammans med Pontus Tidemand k\u00f6rde sig till en 6:e plats totalt och slutade som segrare WRC2 under helgens Rally Mexico! Oliver Solberg, \u00e4ven han MK Rattare, startade rallyt starkt under torsdagen och ledde &hellip; <a href=\"http:\/\/mkratten.se\/wordpress\/?p=2510\">Forts\u00e4tt l\u00e4sa <span class=\"meta-nav\">&rarr;<\/span><\/a><\/p>\n","protected":false},"author":3,"featured_media":0,"comment_status":"closed","ping_status":"closed","sticky":false,"template":"","format":"standard","meta":{"_expiration-date-status":"saved","_expiration-date":0,"_expiration-date-type":"","_expiration-date-categories":[],"_expiration-date-options":[]},"categories":[1],"tags":[],"_links":{"self":[{"href":"http:\/\/mkratten.se\/wordpress\/index.php?rest_route=\/wp\/v2\/posts\/2510"}],"collection":[{"href":"http:\/\/mkratten.se\/wordpress\/index.php?rest_route=\/wp\/v2\/posts"}],"about":[{"href":"http:\/\/mkratten.se\/wordpress\/index.php?rest_route=\/wp\/v2\/types\/post"}],"author":[{"embeddable":true,"href":"http:\/\/mkratten.se\/wordpress\/index.php?rest_route=\/wp\/v2\/users\/3"}],"replies":[{"embeddable":true,"href":"http:\/\/mkratten.se\/wordpress\/index.php?rest_route=%2Fwp%2Fv2%2Fcomments&post=2510"}],"version-history":[{"count":2,"href":"http:\/\/mkratten.se\/wordpress\/index.php?rest_route=\/wp\/v2\/posts\/2510\/revisions"}],"predecessor-version":[{"id":2514,"href":"http:\/\/mkratten.se\/wordpress\/index.php?rest_route=\/wp\/v2\/posts\/2510\/revisions\/2514"}],"wp:attachment":[{"href":"http:\/\/mkratten.se\/wordpress\/index.php?rest_route=%2Fwp%2Fv2%2Fmedia&parent=2510"}],"wp:term":[{"taxonomy":"category","embeddable":true,"href":"http:\/\/mkratten.se\/wordpress\/index.php?rest_route=%2Fwp%2Fv2%2Fcategories&post=2510"},{"taxonomy":"post_tag","embeddable":true,"href":"http:\/\/mkratten.se\/wordpress\/index.php?rest_route=%2Fwp%2Fv2%2Ftags&post=2510"}],"curies":[{"name":"wp","href":"https:\/\/api.w.org\/{rel}","templated":true}]}}