{"id":2500,"date":"2020-03-08T00:58:51","date_gmt":"2020-03-07T23:58:51","guid":{"rendered":"http:\/\/mkratten.se\/wordpress\/?p=2500"},"modified":"2020-03-27T15:01:46","modified_gmt":"2020-03-27T14:01:46","slug":"rapport-fran-lbc-ruschen-i-lima-7-mars-2020","status":"publish","type":"post","link":"http:\/\/mkratten.se\/wordpress\/?p=2500","title":{"rendered":"Rapport fr\u00e5n LBC-ruschen i Lima 7 mars 2020"},"content":{"rendered":"\n<p>Rattens\nrally\u00e5kare st\u00e4llde mangrant upp d\u00e5 det enda vinterrallyt i v\u00e5ra\ntrakter gick av stapeln idag.<\/p>\n\n\n\n<p><strong>Ida\nBood<\/strong> blev blixtinkallad\natt l\u00e4sa \u00e5t Sebastian Eriksson Hagfors MK. Tyv\u00e4rr lossnade\noljekylaren till motorn i slutet av SS 1 vilket de fick bryta p\u00e5\ntransporten till servicen. De l\u00e5g d\u00e5 p\u00e5 en 5:e plats totalt.<\/p>\n\n\n\n<figure class=\"wp-block-image\"><img decoding=\"async\" loading=\"lazy\" width=\"768\" height=\"1024\" src=\"http:\/\/mkratten.se\/wordpress\/wp-content\/uploads\/2020\/03\/100_6198-768x1024.jpg\" alt=\"\" class=\"wp-image-2502\" srcset=\"http:\/\/mkratten.se\/wordpress\/wp-content\/uploads\/2020\/03\/100_6198-768x1024.jpg 768w, http:\/\/mkratten.se\/wordpress\/wp-content\/uploads\/2020\/03\/100_6198-225x300.jpg 225w\" sizes=\"(max-width: 768px) 100vw, 768px\" \/><\/figure>\n\n\n\n<p>I A-B f\u00f6rare Grupp E segrade <strong>Patrik Westerberg och Erik Larsson<\/strong> klart vid premi\u00e4rturen med deras nyink\u00f6pta Honda Civic.  <\/p>\n\n\n\n<p><strong>Andr\u00e9\nNygren och Emil Olsson<\/strong> l\u00e5g\np\u00e5 en tredjeplats i klassen och 27 totalt d\u00e5 naturen kallade p\u00e5 SS\n2 och d\u00e4r blev de. Med egna krafter kom de loss men hade tappat f\u00f6r\nmycket tid och beslutade att bryta.<\/p>\n\n\n\n<p>I klass\nAppendix K tog <strong>Anders\nR\u00e5dstr\u00f6m<\/strong> och Lars-Ove\nLarsson Fryksdalens MK sin nyink\u00f6pta Volvo 242 .a till en 5:e plats,<\/p>\n\n\n\n<p><strong>Kenneth\nThomasson och Per Wiksten<\/strong>\ngick ut h\u00e5rt och l\u00e5g p\u00e5 6:e plats totalt n\u00e4r de lade bilen p\u00e5\nsidan mitt inne av SS 3 vilket gav dem en trevlig dag i rallyskogen\ninnan serviceg\u00e4nget kom och v\u00e4lte dem r\u00e4tt.<\/p>\n\n\n\n<p><strong>Anton\nLarsson och Jim Hilmersson<\/strong>\ntog en 3:e plats av 10 startande i 1300 rallycup.<\/p>\n\n\n\n<figure class=\"wp-block-image\"><img decoding=\"async\" loading=\"lazy\" width=\"1024\" height=\"768\" src=\"http:\/\/mkratten.se\/wordpress\/wp-content\/uploads\/2020\/03\/100_6190-1024x768.jpg\" alt=\"\" class=\"wp-image-2501\" srcset=\"http:\/\/mkratten.se\/wordpress\/wp-content\/uploads\/2020\/03\/100_6190-1024x768.jpg 1024w, http:\/\/mkratten.se\/wordpress\/wp-content\/uploads\/2020\/03\/100_6190-300x225.jpg 300w, http:\/\/mkratten.se\/wordpress\/wp-content\/uploads\/2020\/03\/100_6190-768x576.jpg 768w, http:\/\/mkratten.se\/wordpress\/wp-content\/uploads\/2020\/03\/100_6190-400x300.jpg 400w\" sizes=\"(max-width: 1024px) 100vw, 1024px\" \/><\/figure>\n\n\n\n<p><strong>Peter\nJohansson<\/strong> med f\u00f6rare\nG\u00f6ran Fredriksson Fryksdalens MK en 6: plats och <strong>Robin\nKollfelt<\/strong> med f\u00f6rare Jan\nHenriksson Finnskoga MK en \u00e5ttondeplats av totalt 10 startande.<\/p>\n\n\n\n<p>Klassen\n4 WD fick till slut en Ratten\u00e5kare i m\u00e5l genom <strong>Benny\nMelander<\/strong> som lotsade \u00d6rjan\nVahlund till en 15 plats av totalt 29 startande i klassen.<\/p>\n\n\n\n<figure class=\"wp-block-image\"><img decoding=\"async\" loading=\"lazy\" width=\"1024\" height=\"768\" src=\"http:\/\/mkratten.se\/wordpress\/wp-content\/uploads\/2020\/03\/100_6205-1024x768.jpg\" alt=\"\" class=\"wp-image-2503\" srcset=\"http:\/\/mkratten.se\/wordpress\/wp-content\/uploads\/2020\/03\/100_6205-1024x768.jpg 1024w, http:\/\/mkratten.se\/wordpress\/wp-content\/uploads\/2020\/03\/100_6205-300x225.jpg 300w, http:\/\/mkratten.se\/wordpress\/wp-content\/uploads\/2020\/03\/100_6205-768x576.jpg 768w, http:\/\/mkratten.se\/wordpress\/wp-content\/uploads\/2020\/03\/100_6205-400x300.jpg 400w\" sizes=\"(max-width: 1024px) 100vw, 1024px\" \/><\/figure>\n\n\n\n<p>I C-f\u00f6rare Grupp E tog <strong>Per Westerberg och Per T\u00e4ppers<\/strong> en tredjeplats av fem startande. Det var tredje g\u00e5ngen gillt f\u00f6r dem att \u00e5ka ihop och nu gick det \u00e4nda till m\u00e5l. Ove Bj\u00f6rklund skulle egentligen ha \u00e5kt ihop med Per T\u00e4ppers men d\u00e5 Ove i ett sent skede var tvungen att l\u00e4mna \u00e5terbud l\u00e5nade han ut sin bil till Per Westerberg som fullf\u00f6ljde uppdraget med den \u00e4ran.<\/p>\n\n\n\n<p>Summa\nsummarum: En h\u00e4rlig dag i Lima med riktig vinter och v\u00e4lplogade\nstr\u00e4ckor.<\/p>\n\n\n\n<p>\t\t\t\t\t\t<em>PER65<\/em><\/p>\n","protected":false},"excerpt":{"rendered":"<p>Rattens rally\u00e5kare st\u00e4llde mangrant upp d\u00e5 det enda vinterrallyt i v\u00e5ra trakter gick av stapeln idag. Ida Bood blev blixtinkallad att l\u00e4sa \u00e5t Sebastian Eriksson Hagfors MK. Tyv\u00e4rr lossnade oljekylaren till motorn i slutet av SS 1 vilket de fick &hellip; <a href=\"http:\/\/mkratten.se\/wordpress\/?p=2500\">Forts\u00e4tt l\u00e4sa <span class=\"meta-nav\">&rarr;<\/span><\/a><\/p>\n","protected":false},"author":3,"featured_media":0,"comment_status":"closed","ping_status":"closed","sticky":false,"template":"","format":"standard","meta":{"_expiration-date-status":"saved","_expiration-date":0,"_expiration-date-type":"","_expiration-date-categories":[],"_expiration-date-options":[]},"categories":[1],"tags":[],"_links":{"self":[{"href":"http:\/\/mkratten.se\/wordpress\/index.php?rest_route=\/wp\/v2\/posts\/2500"}],"collection":[{"href":"http:\/\/mkratten.se\/wordpress\/index.php?rest_route=\/wp\/v2\/posts"}],"about":[{"href":"http:\/\/mkratten.se\/wordpress\/index.php?rest_route=\/wp\/v2\/types\/post"}],"author":[{"embeddable":true,"href":"http:\/\/mkratten.se\/wordpress\/index.php?rest_route=\/wp\/v2\/users\/3"}],"replies":[{"embeddable":true,"href":"http:\/\/mkratten.se\/wordpress\/index.php?rest_route=%2Fwp%2Fv2%2Fcomments&post=2500"}],"version-history":[{"count":5,"href":"http:\/\/mkratten.se\/wordpress\/index.php?rest_route=\/wp\/v2\/posts\/2500\/revisions"}],"predecessor-version":[{"id":2522,"href":"http:\/\/mkratten.se\/wordpress\/index.php?rest_route=\/wp\/v2\/posts\/2500\/revisions\/2522"}],"wp:attachment":[{"href":"http:\/\/mkratten.se\/wordpress\/index.php?rest_route=%2Fwp%2Fv2%2Fmedia&parent=2500"}],"wp:term":[{"taxonomy":"category","embeddable":true,"href":"http:\/\/mkratten.se\/wordpress\/index.php?rest_route=%2Fwp%2Fv2%2Fcategories&post=2500"},{"taxonomy":"post_tag","embeddable":true,"href":"http:\/\/mkratten.se\/wordpress\/index.php?rest_route=%2Fwp%2Fv2%2Ftags&post=2500"}],"curies":[{"name":"wp","href":"https:\/\/api.w.org\/{rel}","templated":true}]}}